{"id":1801,"date":"2019-05-19T12:19:36","date_gmt":"2019-05-19T15:19:36","guid":{"rendered":"https:\/\/territorioindigenaygobernanza.com\/web\/?p=1801"},"modified":"2021-12-13T14:55:39","modified_gmt":"2021-12-13T17:55:39","slug":"colombia","status":"publish","type":"post","link":"https:\/\/www.territorioindigenaygobernanza.com\/web\/colombia\/","title":{"rendered":"Informaci\u00f3n General"},"content":{"rendered":"<p>[et_pb_section bb_built=\u00bb1&#8243;][et_pb_row][et_pb_column type=\u00bb4_4&#8243;][et_pb_text _builder_version=\u00bb3.22.5&#8243; text_text_shadow_horizontal_length=\u00bbtext_text_shadow_style,%91object Object%93&#8243; text_text_shadow_vertical_length=\u00bbtext_text_shadow_style,%91object Object%93&#8243; text_text_shadow_blur_strength=\u00bbtext_text_shadow_style,%91object Object%93&#8243; link_text_shadow_horizontal_length=\u00bblink_text_shadow_style,%91object Object%93&#8243; link_text_shadow_vertical_length=\u00bblink_text_shadow_style,%91object Object%93&#8243; link_text_shadow_blur_strength=\u00bblink_text_shadow_style,%91object Object%93&#8243; ul_text_shadow_horizontal_length=\u00bbul_text_shadow_style,%91object Object%93&#8243; ul_text_shadow_vertical_length=\u00bbul_text_shadow_style,%91object Object%93&#8243; ul_text_shadow_blur_strength=\u00bbul_text_shadow_style,%91object Object%93&#8243; ol_text_shadow_horizontal_length=\u00bbol_text_shadow_style,%91object Object%93&#8243; ol_text_shadow_vertical_length=\u00bbol_text_shadow_style,%91object Object%93&#8243; ol_text_shadow_blur_strength=\u00bbol_text_shadow_style,%91object Object%93&#8243; quote_text_shadow_horizontal_length=\u00bbquote_text_shadow_style,%91object Object%93&#8243; quote_text_shadow_vertical_length=\u00bbquote_text_shadow_style,%91object Object%93&#8243; quote_text_shadow_blur_strength=\u00bbquote_text_shadow_style,%91object Object%93&#8243; header_text_shadow_horizontal_length=\u00bbheader_text_shadow_style,%91object Object%93&#8243; header_text_shadow_vertical_length=\u00bbheader_text_shadow_style,%91object Object%93&#8243; header_text_shadow_blur_strength=\u00bbheader_text_shadow_style,%91object Object%93&#8243; header_2_text_shadow_horizontal_length=\u00bbheader_2_text_shadow_style,%91object Object%93&#8243; header_2_text_shadow_vertical_length=\u00bbheader_2_text_shadow_style,%91object Object%93&#8243; header_2_text_shadow_blur_strength=\u00bbheader_2_text_shadow_style,%91object Object%93&#8243; header_3_text_shadow_horizontal_length=\u00bbheader_3_text_shadow_style,%91object Object%93&#8243; header_3_text_shadow_vertical_length=\u00bbheader_3_text_shadow_style,%91object Object%93&#8243; header_3_text_shadow_blur_strength=\u00bbheader_3_text_shadow_style,%91object Object%93&#8243; header_4_text_shadow_horizontal_length=\u00bbheader_4_text_shadow_style,%91object Object%93&#8243; header_4_text_shadow_vertical_length=\u00bbheader_4_text_shadow_style,%91object Object%93&#8243; header_4_text_shadow_blur_strength=\u00bbheader_4_text_shadow_style,%91object Object%93&#8243; header_5_text_shadow_horizontal_length=\u00bbheader_5_text_shadow_style,%91object Object%93&#8243; header_5_text_shadow_vertical_length=\u00bbheader_5_text_shadow_style,%91object Object%93&#8243; header_5_text_shadow_blur_strength=\u00bbheader_5_text_shadow_style,%91object Object%93&#8243; header_6_text_shadow_horizontal_length=\u00bbheader_6_text_shadow_style,%91object Object%93&#8243; header_6_text_shadow_vertical_length=\u00bbheader_6_text_shadow_style,%91object Object%93&#8243; header_6_text_shadow_blur_strength=\u00bbheader_6_text_shadow_style,%91object Object%93&#8243; z_index_tablet=\u00bb500&#8243;]<\/p>\n<p>Colombia tiene una superficie continental de 114.174.800 has de las que 31,5 % (36 millones de has) se encuentran tituladas como territorios ind\u00edgenas. <\/p>\n<p>La poblaci\u00f3n nacional es de 41.468.384 personas, y un 3.3 % es ind\u00edgena (1.378.884 personas), de acuerdo al Censo 2005 del Departamento Administrativo Nacional de Estad\u00edstica. Existen 87 pueblos ind\u00edgenas, la gran mayor\u00eda en la Orinoqu\u00eda (ecosistemas de sabana) y en la Zona Andina. S\u00f3lo un 5 % de la poblaci\u00f3n ind\u00edgena colombiana habita en resguardos de la Amazon\u00eda (70.000 personas en resguardos y otros 30.000 en peque\u00f1os centros urbanos fuera de los resguardos).<br \/>\nEn la Amazon\u00eda existen 156 resguardos que conforman un 64 % del total de las tierras amaz\u00f3nicas (25,6 millones de has). Algunos resguardos son de grandes dimensiones, como el Predio Putumayo (6.000.000 has) y el Gran Resguardo del Vaup\u00e9s (4.000.000 has). A\u00fan son demandadas 1.500.000 has por 87.000 familias ind\u00edgenas que se encuentran en \u00e1reas de explotaciones mineras e hidrocarbur\u00edferas (por ejemplo Tarapac\u00e1, el Trapecio, el Putumayo). El desplazamiento forzado y el peligro de extinci\u00f3n representan amenazas para muchos pueblos de la Amazon\u00eda.<br \/>\nEn la Orinoqu\u00eda altos porcentajes de tierras han sido tituladas a favor de los pueblos ind\u00edgenas. En la Cuenca del Pac\u00edfico, donde entre 1996 y 2006, se titularon 5.128.830 hect\u00e1reas de tierra a las comunidades negras (un 57% en el Choc\u00f3). En cambio, en la zona andina el acceso a la tierra contin\u00faa siendo un derecho insatisfecho. <\/p>\n<p>En Colombia existen 56 \u00e1reas protegidas que conforman el Sistema de Parques Nacionales Naturales de Colombia. De \u00e9stas, 16 se encuentran en la Amazon\u00eda y la Orinoqu\u00eda, y representan el 70% del total de la superficie de los parques nacionales (7.753.894 has). Once \u00e1reas (5.590.554 has) est\u00e1n solapadas con territorios ind\u00edgenas. El 37.3% de su superficie se traslapa con 19 resguardos ind\u00edgenas titulados, e incluso otro porcentaje adicional se traslapa con territorios tradicionales que a\u00fan no han sido titulados. Si bien ese traslape se traduce en una impecable conservaci\u00f3n de estas \u00e1reas donde los ind\u00edgenas mantienen sus sistemas tradicionales de regulaci\u00f3n y uso de la naturaleza, muchos pueblos reclaman judicialmente la restituci\u00f3n de esas tierras que fueron declaradas parques nacionales sin consulta ni consentimiento.<\/p>\n<p>[\/et_pb_text][et_pb_image _builder_version=\u00bb3.22.5&#8243; src=\u00bbhttp:\/\/www.territorioindigenaygobernanza.com\/images\/stories\/COLOMBIA\/guarda_colombia.jpg\u00bb z_index_tablet=\u00bb500&#8243; \/][et_pb_image _builder_version=\u00bb3.22.5&#8243; src=\u00bbhttps:\/\/territorioindigenaygobernanza.com\/web\/wp-content\/uploads\/2019\/04\/footer.jpg\u00bb z_index_tablet=\u00bb500&#8243; \/][\/et_pb_column][\/et_pb_row][\/et_pb_section]<\/p>\n","protected":false},"excerpt":{"rendered":"<p><div class=\"et_pb_row et_pb_row_0 et_pb_row_empty\">\n\t\t\t\t\n\t\t\t\t\n\t\t\t\t\n\t\t\t<\/div> Colombia tiene una superficie continental de 114.174.800 has de las que 31,5 % (36 millones de has) se encuentran tituladas como territorios ind\u00edgenas. La poblaci\u00f3n nacional es de 41.468.384 personas, y un 3.3 % es ind\u00edgena (1.378.884 personas), de acuerdo al Censo 2005 del Departamento Administrativo Nacional de Estad\u00edstica. Existen 87 pueblos ind\u00edgenas, la [&hellip;]<\/p>\n","protected":false},"author":2,"featured_media":0,"comment_status":"closed","ping_status":"open","sticky":false,"template":"","format":"standard","meta":{"_et_pb_use_builder":"on","_et_pb_old_content":"","_et_gb_content_width":"","footnotes":""},"categories":[23],"tags":[],"_links":{"self":[{"href":"https:\/\/www.territorioindigenaygobernanza.com\/web\/wp-json\/wp\/v2\/posts\/1801"}],"collection":[{"href":"https:\/\/www.territorioindigenaygobernanza.com\/web\/wp-json\/wp\/v2\/posts"}],"about":[{"href":"https:\/\/www.territorioindigenaygobernanza.com\/web\/wp-json\/wp\/v2\/types\/post"}],"author":[{"embeddable":true,"href":"https:\/\/www.territorioindigenaygobernanza.com\/web\/wp-json\/wp\/v2\/users\/2"}],"replies":[{"embeddable":true,"href":"https:\/\/www.territorioindigenaygobernanza.com\/web\/wp-json\/wp\/v2\/comments?post=1801"}],"version-history":[{"count":1,"href":"https:\/\/www.territorioindigenaygobernanza.com\/web\/wp-json\/wp\/v2\/posts\/1801\/revisions"}],"predecessor-version":[{"id":3648,"href":"https:\/\/www.territorioindigenaygobernanza.com\/web\/wp-json\/wp\/v2\/posts\/1801\/revisions\/3648"}],"wp:attachment":[{"href":"https:\/\/www.territorioindigenaygobernanza.com\/web\/wp-json\/wp\/v2\/media?parent=1801"}],"wp:term":[{"taxonomy":"category","embeddable":true,"href":"https:\/\/www.territorioindigenaygobernanza.com\/web\/wp-json\/wp\/v2\/categories?post=1801"},{"taxonomy":"post_tag","embeddable":true,"href":"https:\/\/www.territorioindigenaygobernanza.com\/web\/wp-json\/wp\/v2\/tags?post=1801"}],"curies":[{"name":"wp","href":"https:\/\/api.w.org\/{rel}","templated":true}]}}