{"id":1856,"date":"2019-05-09T15:06:39","date_gmt":"2019-05-09T15:06:39","guid":{"rendered":"https:\/\/territorioindigenaygobernanza.com\/web\/?p=1856"},"modified":"2021-12-13T14:55:44","modified_gmt":"2021-12-13T17:55:44","slug":"col_08","status":"publish","type":"post","link":"https:\/\/www.territorioindigenaygobernanza.com\/web\/col_08\/","title":{"rendered":"Resguardos Ind\u00edgenas de la Amazon\u00eda"},"content":{"rendered":"<p>[et_pb_section bb_built=\u00bb1&#8243; inner_width=\u00bbauto\u00bb inner_max_width=\u00bbnone\u00bb][et_pb_row][et_pb_column type=\u00bb4_4&#8243;][et_pb_image _builder_version=\u00bb3.22.5&#8243; src=\u00bbhttp:\/\/www.territorioindigenaygobernanza.com\/images\/stories\/COLOMBIA\/mapa_resguardosdane2009.jpg\u00bb z_index_tablet=\u00bb500&#8243; \/][et_pb_text _builder_version=\u00bb3.22.5&#8243; text_text_shadow_horizontal_length=\u00bbtext_text_shadow_style,%91object Object%93&#8243; text_text_shadow_vertical_length=\u00bbtext_text_shadow_style,%91object Object%93&#8243; text_text_shadow_blur_strength=\u00bbtext_text_shadow_style,%91object Object%93&#8243; link_text_shadow_horizontal_length=\u00bblink_text_shadow_style,%91object Object%93&#8243; link_text_shadow_vertical_length=\u00bblink_text_shadow_style,%91object Object%93&#8243; link_text_shadow_blur_strength=\u00bblink_text_shadow_style,%91object Object%93&#8243; ul_text_shadow_horizontal_length=\u00bbul_text_shadow_style,%91object Object%93&#8243; ul_text_shadow_vertical_length=\u00bbul_text_shadow_style,%91object Object%93&#8243; ul_text_shadow_blur_strength=\u00bbul_text_shadow_style,%91object Object%93&#8243; ol_text_shadow_horizontal_length=\u00bbol_text_shadow_style,%91object Object%93&#8243; ol_text_shadow_vertical_length=\u00bbol_text_shadow_style,%91object Object%93&#8243; ol_text_shadow_blur_strength=\u00bbol_text_shadow_style,%91object Object%93&#8243; quote_text_shadow_horizontal_length=\u00bbquote_text_shadow_style,%91object Object%93&#8243; quote_text_shadow_vertical_length=\u00bbquote_text_shadow_style,%91object Object%93&#8243; quote_text_shadow_blur_strength=\u00bbquote_text_shadow_style,%91object Object%93&#8243; header_text_shadow_horizontal_length=\u00bbheader_text_shadow_style,%91object Object%93&#8243; header_text_shadow_vertical_length=\u00bbheader_text_shadow_style,%91object Object%93&#8243; header_text_shadow_blur_strength=\u00bbheader_text_shadow_style,%91object Object%93&#8243; header_2_text_shadow_horizontal_length=\u00bbheader_2_text_shadow_style,%91object Object%93&#8243; header_2_text_shadow_vertical_length=\u00bbheader_2_text_shadow_style,%91object Object%93&#8243; header_2_text_shadow_blur_strength=\u00bbheader_2_text_shadow_style,%91object Object%93&#8243; header_3_text_shadow_horizontal_length=\u00bbheader_3_text_shadow_style,%91object Object%93&#8243; header_3_text_shadow_vertical_length=\u00bbheader_3_text_shadow_style,%91object Object%93&#8243; header_3_text_shadow_blur_strength=\u00bbheader_3_text_shadow_style,%91object Object%93&#8243; header_4_text_shadow_horizontal_length=\u00bbheader_4_text_shadow_style,%91object Object%93&#8243; header_4_text_shadow_vertical_length=\u00bbheader_4_text_shadow_style,%91object Object%93&#8243; header_4_text_shadow_blur_strength=\u00bbheader_4_text_shadow_style,%91object Object%93&#8243; header_5_text_shadow_horizontal_length=\u00bbheader_5_text_shadow_style,%91object Object%93&#8243; header_5_text_shadow_vertical_length=\u00bbheader_5_text_shadow_style,%91object Object%93&#8243; header_5_text_shadow_blur_strength=\u00bbheader_5_text_shadow_style,%91object Object%93&#8243; header_6_text_shadow_horizontal_length=\u00bbheader_6_text_shadow_style,%91object Object%93&#8243; header_6_text_shadow_vertical_length=\u00bbheader_6_text_shadow_style,%91object Object%93&#8243; header_6_text_shadow_blur_strength=\u00bbheader_6_text_shadow_style,%91object Object%93&#8243; z_index_tablet=\u00bb500&#8243;]<\/p>\n<p style=\"text-align: center;\">Fuente: Departamento Administrativo Nacional de Estad\u00edsticas (2009).<br \/>Nota: Los territorio sombreados de colores indican los territorios ind\u00edgenas.<\/p>\n<p>[\/et_pb_text][et_pb_image _builder_version=\u00bb3.22.5&#8243; src=\u00bbhttp:\/\/www.territorioindigenaygobernanza.com\/images\/stories\/COLOMBIA\/gaia_2010_territorios%20indigenas%20y%20areas%20protegidas.jpg\u00bb z_index_tablet=\u00bb500&#8243; align=\u00bbcenter\u00bb \/][et_pb_text _builder_version=\u00bb3.22.5&#8243; text_text_shadow_horizontal_length=\u00bbtext_text_shadow_style,%91object Object%93&#8243; text_text_shadow_vertical_length=\u00bbtext_text_shadow_style,%91object Object%93&#8243; text_text_shadow_blur_strength=\u00bbtext_text_shadow_style,%91object Object%93&#8243; link_text_shadow_horizontal_length=\u00bblink_text_shadow_style,%91object Object%93&#8243; link_text_shadow_vertical_length=\u00bblink_text_shadow_style,%91object Object%93&#8243; link_text_shadow_blur_strength=\u00bblink_text_shadow_style,%91object Object%93&#8243; ul_text_shadow_horizontal_length=\u00bbul_text_shadow_style,%91object Object%93&#8243; ul_text_shadow_vertical_length=\u00bbul_text_shadow_style,%91object Object%93&#8243; ul_text_shadow_blur_strength=\u00bbul_text_shadow_style,%91object Object%93&#8243; ol_text_shadow_horizontal_length=\u00bbol_text_shadow_style,%91object Object%93&#8243; ol_text_shadow_vertical_length=\u00bbol_text_shadow_style,%91object Object%93&#8243; ol_text_shadow_blur_strength=\u00bbol_text_shadow_style,%91object Object%93&#8243; quote_text_shadow_horizontal_length=\u00bbquote_text_shadow_style,%91object Object%93&#8243; quote_text_shadow_vertical_length=\u00bbquote_text_shadow_style,%91object Object%93&#8243; quote_text_shadow_blur_strength=\u00bbquote_text_shadow_style,%91object Object%93&#8243; header_text_shadow_horizontal_length=\u00bbheader_text_shadow_style,%91object Object%93&#8243; header_text_shadow_vertical_length=\u00bbheader_text_shadow_style,%91object Object%93&#8243; header_text_shadow_blur_strength=\u00bbheader_text_shadow_style,%91object Object%93&#8243; header_2_text_shadow_horizontal_length=\u00bbheader_2_text_shadow_style,%91object Object%93&#8243; header_2_text_shadow_vertical_length=\u00bbheader_2_text_shadow_style,%91object Object%93&#8243; header_2_text_shadow_blur_strength=\u00bbheader_2_text_shadow_style,%91object Object%93&#8243; header_3_text_shadow_horizontal_length=\u00bbheader_3_text_shadow_style,%91object Object%93&#8243; header_3_text_shadow_vertical_length=\u00bbheader_3_text_shadow_style,%91object Object%93&#8243; header_3_text_shadow_blur_strength=\u00bbheader_3_text_shadow_style,%91object Object%93&#8243; header_4_text_shadow_horizontal_length=\u00bbheader_4_text_shadow_style,%91object Object%93&#8243; header_4_text_shadow_vertical_length=\u00bbheader_4_text_shadow_style,%91object Object%93&#8243; header_4_text_shadow_blur_strength=\u00bbheader_4_text_shadow_style,%91object Object%93&#8243; header_5_text_shadow_horizontal_length=\u00bbheader_5_text_shadow_style,%91object Object%93&#8243; header_5_text_shadow_vertical_length=\u00bbheader_5_text_shadow_style,%91object Object%93&#8243; header_5_text_shadow_blur_strength=\u00bbheader_5_text_shadow_style,%91object Object%93&#8243; header_6_text_shadow_horizontal_length=\u00bbheader_6_text_shadow_style,%91object Object%93&#8243; header_6_text_shadow_vertical_length=\u00bbheader_6_text_shadow_style,%91object Object%93&#8243; header_6_text_shadow_blur_strength=\u00bbheader_6_text_shadow_style,%91object Object%93&#8243; z_index_tablet=\u00bb500&#8243;]<\/p>\n<p style=\"text-align: center;\">Fuente: Departamento Administriativo Nacional de Estad\u00edsticas y Fundaci\u00f3n Gaia (2010).<br \/>Nota: Los territorio sombreados de color naranja indican los territorios ind\u00edgenas.<\/p>\n<p>[\/et_pb_text][et_pb_image _builder_version=\u00bb3.22.5&#8243; src=\u00bbhttps:\/\/territorioindigenaygobernanza.com\/web\/wp-content\/uploads\/2019\/04\/footer.jpg\u00bb z_index_tablet=\u00bb500&#8243; \/][\/et_pb_column][\/et_pb_row][\/et_pb_section]<\/p>\n","protected":false},"excerpt":{"rendered":"<p><div class=\"et_pb_row et_pb_row_0 et_pb_row_empty\">\n\t\t\t\t\n\t\t\t\t\n\t\t\t\t\n\t\t\t<\/div> Fuente: Departamento Administrativo Nacional de Estad\u00edsticas (2009).Nota: Los territorio sombreados de colores indican los territorios ind\u00edgenas. Fuente: Departamento Administriativo Nacional de Estad\u00edsticas y Fundaci\u00f3n Gaia (2010).Nota: Los territorio sombreados de color naranja indican los territorios ind\u00edgenas.<\/p>\n","protected":false},"author":2,"featured_media":0,"comment_status":"closed","ping_status":"open","sticky":false,"template":"","format":"standard","meta":{"_et_pb_use_builder":"on","_et_pb_old_content":"","_et_gb_content_width":"","footnotes":""},"categories":[23],"tags":[],"_links":{"self":[{"href":"https:\/\/www.territorioindigenaygobernanza.com\/web\/wp-json\/wp\/v2\/posts\/1856"}],"collection":[{"href":"https:\/\/www.territorioindigenaygobernanza.com\/web\/wp-json\/wp\/v2\/posts"}],"about":[{"href":"https:\/\/www.territorioindigenaygobernanza.com\/web\/wp-json\/wp\/v2\/types\/post"}],"author":[{"embeddable":true,"href":"https:\/\/www.territorioindigenaygobernanza.com\/web\/wp-json\/wp\/v2\/users\/2"}],"replies":[{"embeddable":true,"href":"https:\/\/www.territorioindigenaygobernanza.com\/web\/wp-json\/wp\/v2\/comments?post=1856"}],"version-history":[{"count":1,"href":"https:\/\/www.territorioindigenaygobernanza.com\/web\/wp-json\/wp\/v2\/posts\/1856\/revisions"}],"predecessor-version":[{"id":3741,"href":"https:\/\/www.territorioindigenaygobernanza.com\/web\/wp-json\/wp\/v2\/posts\/1856\/revisions\/3741"}],"wp:attachment":[{"href":"https:\/\/www.territorioindigenaygobernanza.com\/web\/wp-json\/wp\/v2\/media?parent=1856"}],"wp:term":[{"taxonomy":"category","embeddable":true,"href":"https:\/\/www.territorioindigenaygobernanza.com\/web\/wp-json\/wp\/v2\/categories?post=1856"},{"taxonomy":"post_tag","embeddable":true,"href":"https:\/\/www.territorioindigenaygobernanza.com\/web\/wp-json\/wp\/v2\/tags?post=1856"}],"curies":[{"name":"wp","href":"https:\/\/api.w.org\/{rel}","templated":true}]}}