{"id":2107,"date":"2019-05-13T18:30:06","date_gmt":"2019-05-13T21:30:06","guid":{"rendered":"https:\/\/territorioindigenaygobernanza.com\/web\/?p=2107"},"modified":"2021-12-13T14:55:42","modified_gmt":"2021-12-13T17:55:42","slug":"necu_05","status":"publish","type":"post","link":"https:\/\/www.territorioindigenaygobernanza.com\/web\/necu_05\/","title":{"rendered":"5. Kichwas de Orellana"},"content":{"rendered":"<p>[et_pb_section bb_built=\u00bb1&#8243; inner_width=\u00bbauto\u00bb inner_max_width=\u00bbnone\u00bb][et_pb_row][et_pb_column type=\u00bb4_4&#8243;][et_pb_text _builder_version=\u00bb3.22.5&#8243; text_text_shadow_horizontal_length=\u00bbtext_text_shadow_style,%91object Object%93&#8243; text_text_shadow_vertical_length=\u00bbtext_text_shadow_style,%91object Object%93&#8243; text_text_shadow_blur_strength=\u00bbtext_text_shadow_style,%91object Object%93&#8243; link_text_shadow_horizontal_length=\u00bblink_text_shadow_style,%91object Object%93&#8243; link_text_shadow_vertical_length=\u00bblink_text_shadow_style,%91object Object%93&#8243; link_text_shadow_blur_strength=\u00bblink_text_shadow_style,%91object Object%93&#8243; ul_text_shadow_horizontal_length=\u00bbul_text_shadow_style,%91object Object%93&#8243; ul_text_shadow_vertical_length=\u00bbul_text_shadow_style,%91object Object%93&#8243; ul_text_shadow_blur_strength=\u00bbul_text_shadow_style,%91object Object%93&#8243; ol_text_shadow_horizontal_length=\u00bbol_text_shadow_style,%91object Object%93&#8243; ol_text_shadow_vertical_length=\u00bbol_text_shadow_style,%91object Object%93&#8243; ol_text_shadow_blur_strength=\u00bbol_text_shadow_style,%91object Object%93&#8243; quote_text_shadow_horizontal_length=\u00bbquote_text_shadow_style,%91object Object%93&#8243; quote_text_shadow_vertical_length=\u00bbquote_text_shadow_style,%91object Object%93&#8243; quote_text_shadow_blur_strength=\u00bbquote_text_shadow_style,%91object Object%93&#8243; header_text_shadow_horizontal_length=\u00bbheader_text_shadow_style,%91object Object%93&#8243; header_text_shadow_vertical_length=\u00bbheader_text_shadow_style,%91object Object%93&#8243; header_text_shadow_blur_strength=\u00bbheader_text_shadow_style,%91object Object%93&#8243; header_2_text_shadow_horizontal_length=\u00bbheader_2_text_shadow_style,%91object Object%93&#8243; header_2_text_shadow_vertical_length=\u00bbheader_2_text_shadow_style,%91object Object%93&#8243; header_2_text_shadow_blur_strength=\u00bbheader_2_text_shadow_style,%91object Object%93&#8243; header_3_text_shadow_horizontal_length=\u00bbheader_3_text_shadow_style,%91object Object%93&#8243; header_3_text_shadow_vertical_length=\u00bbheader_3_text_shadow_style,%91object Object%93&#8243; header_3_text_shadow_blur_strength=\u00bbheader_3_text_shadow_style,%91object Object%93&#8243; header_4_text_shadow_horizontal_length=\u00bbheader_4_text_shadow_style,%91object Object%93&#8243; header_4_text_shadow_vertical_length=\u00bbheader_4_text_shadow_style,%91object Object%93&#8243; header_4_text_shadow_blur_strength=\u00bbheader_4_text_shadow_style,%91object Object%93&#8243; header_5_text_shadow_horizontal_length=\u00bbheader_5_text_shadow_style,%91object Object%93&#8243; header_5_text_shadow_vertical_length=\u00bbheader_5_text_shadow_style,%91object Object%93&#8243; header_5_text_shadow_blur_strength=\u00bbheader_5_text_shadow_style,%91object Object%93&#8243; header_6_text_shadow_horizontal_length=\u00bbheader_6_text_shadow_style,%91object Object%93&#8243; header_6_text_shadow_vertical_length=\u00bbheader_6_text_shadow_style,%91object Object%93&#8243; header_6_text_shadow_blur_strength=\u00bbheader_6_text_shadow_style,%91object Object%93&#8243; z_index_tablet=\u00bb500&#8243;]<\/p>\n<p>\nUn total de 18.339 personas Kichwas habitan en la provincia de Orellana. La situaci\u00f3n de sus territorios es la siguiente:<\/p>\n<p style=\"text-align: center;\"><strong>Territorio Kichwa en la Provincia de Orellana (hect\u00e1reas)<\/strong><\/p>\n<p>[\/et_pb_text][et_pb_code _builder_version=\u00bb3.22.5&#8243; z_index_tablet=\u00bb500&#8243;]<\/p>\n<table class=\"table table-striped\" ><!-- [et_pb_line_break_holder] --><\/p>\n<tbody><!-- [et_pb_line_break_holder] --><\/p>\n<tr><!-- [et_pb_line_break_holder] --><\/p>\n<th>Titulado<\/th>\n<p><!-- [et_pb_line_break_holder] --><\/p>\n<th>Demandado<\/th>\n<p><!-- [et_pb_line_break_holder] --><\/p>\n<th>En proceso de Titulaci\u00f3n <\/th>\n<p><!-- [et_pb_line_break_holder] --><\/p>\n<th>Total <\/th>\n<p><!-- [et_pb_line_break_holder] --><!-- [et_pb_line_break_holder] --><\/tr>\n<p><!-- [et_pb_line_break_holder] --><!-- [et_pb_line_break_holder] --><!-- [et_pb_line_break_holder] --><\/p>\n<tr><!-- [et_pb_line_break_holder] --><\/p>\n<td>170.200<\/td>\n<p><!-- [et_pb_line_break_holder] --><\/p>\n<td>60.000<\/td>\n<p><!-- [et_pb_line_break_holder] --><\/p>\n<td>&#8212;-<\/td>\n<p><!-- [et_pb_line_break_holder] --><\/p>\n<td>230.200<\/td>\n<p><!-- [et_pb_line_break_holder] --><!-- [et_pb_line_break_holder] --><\/tr>\n<p><!-- [et_pb_line_break_holder] --><!-- [et_pb_line_break_holder] --><\/tbody>\n<p><!-- [et_pb_line_break_holder] --><\/table>\n<p>\u200e[\/et_pb_code][et_pb_text _builder_version=\u00bb3.22.5&#8243; text_text_shadow_horizontal_length=\u00bbtext_text_shadow_style,%91object Object%93&#8243; text_text_shadow_vertical_length=\u00bbtext_text_shadow_style,%91object Object%93&#8243; text_text_shadow_blur_strength=\u00bbtext_text_shadow_style,%91object Object%93&#8243; link_text_shadow_horizontal_length=\u00bblink_text_shadow_style,%91object Object%93&#8243; link_text_shadow_vertical_length=\u00bblink_text_shadow_style,%91object Object%93&#8243; link_text_shadow_blur_strength=\u00bblink_text_shadow_style,%91object Object%93&#8243; ul_text_shadow_horizontal_length=\u00bbul_text_shadow_style,%91object Object%93&#8243; ul_text_shadow_vertical_length=\u00bbul_text_shadow_style,%91object Object%93&#8243; ul_text_shadow_blur_strength=\u00bbul_text_shadow_style,%91object Object%93&#8243; ol_text_shadow_horizontal_length=\u00bbol_text_shadow_style,%91object Object%93&#8243; ol_text_shadow_vertical_length=\u00bbol_text_shadow_style,%91object Object%93&#8243; ol_text_shadow_blur_strength=\u00bbol_text_shadow_style,%91object Object%93&#8243; quote_text_shadow_horizontal_length=\u00bbquote_text_shadow_style,%91object Object%93&#8243; quote_text_shadow_vertical_length=\u00bbquote_text_shadow_style,%91object Object%93&#8243; quote_text_shadow_blur_strength=\u00bbquote_text_shadow_style,%91object Object%93&#8243; header_text_shadow_horizontal_length=\u00bbheader_text_shadow_style,%91object Object%93&#8243; header_text_shadow_vertical_length=\u00bbheader_text_shadow_style,%91object Object%93&#8243; header_text_shadow_blur_strength=\u00bbheader_text_shadow_style,%91object Object%93&#8243; header_2_text_shadow_horizontal_length=\u00bbheader_2_text_shadow_style,%91object Object%93&#8243; header_2_text_shadow_vertical_length=\u00bbheader_2_text_shadow_style,%91object Object%93&#8243; header_2_text_shadow_blur_strength=\u00bbheader_2_text_shadow_style,%91object Object%93&#8243; header_3_text_shadow_horizontal_length=\u00bbheader_3_text_shadow_style,%91object Object%93&#8243; header_3_text_shadow_vertical_length=\u00bbheader_3_text_shadow_style,%91object Object%93&#8243; header_3_text_shadow_blur_strength=\u00bbheader_3_text_shadow_style,%91object Object%93&#8243; header_4_text_shadow_horizontal_length=\u00bbheader_4_text_shadow_style,%91object Object%93&#8243; header_4_text_shadow_vertical_length=\u00bbheader_4_text_shadow_style,%91object Object%93&#8243; header_4_text_shadow_blur_strength=\u00bbheader_4_text_shadow_style,%91object Object%93&#8243; header_5_text_shadow_horizontal_length=\u00bbheader_5_text_shadow_style,%91object Object%93&#8243; header_5_text_shadow_vertical_length=\u00bbheader_5_text_shadow_style,%91object Object%93&#8243; header_5_text_shadow_blur_strength=\u00bbheader_5_text_shadow_style,%91object Object%93&#8243; header_6_text_shadow_horizontal_length=\u00bbheader_6_text_shadow_style,%91object Object%93&#8243; header_6_text_shadow_vertical_length=\u00bbheader_6_text_shadow_style,%91object Object%93&#8243; header_6_text_shadow_blur_strength=\u00bbheader_6_text_shadow_style,%91object Object%93&#8243; z_index_tablet=\u00bb500&#8243;]<\/p>\n<p><strong>Ubicaci\u00f3n y Centro Administrativo<\/strong><br \/>En Orellana, los territorios Kichwas se ubican en los cantones:<br \/>\u2022 Orellana: parroquias Puerto San Francisco de Orellana, Dayuma, Taracoa, El Ed\u00e9n, Garc\u00eda Moreno, Nuevo Para\u00edso, San Jos\u00e9 de Guayusa, San Luis de Armenia.<br \/>\u2022 Aguarico: parroquias Nuevo Rocafuerte, Capit\u00e1n Augusto Rivadeneira, Santa Mar\u00eda de Huiririma y Tiputini.<br \/>\u2022 La Joya de los Sachas: parroquias Joya de los Sachas, Pompeya, San Carlos y San Sebasti\u00e1n del Coca;<br \/>\u2022 Loreto: parroquias Loreto, \u00c1vila, Puerto Murialdo, San Jos\u00e9 de Payamino, San Jos\u00e9 de Dahuano.<\/p>\n<p>El centro administrativo es la capital: Puerto Francisco de Orellana (antes conocida como el \u00abCoca\u00bb).<\/p>\n<p><strong>Organizaci\u00f3n Ind\u00edgena<\/strong><br \/>La organizaci\u00f3n que representa a los Kichwas de Orellana es la Federaci\u00f3n de Comunas Uni\u00f3n de Nativos de la Amazon\u00eda Ecuatoriana (FKUNAE o FCUNAE).<\/p>\n<p><strong>Contacto<\/strong><br \/>Confederaci\u00f3n de la Nacionalidad Kichwa de Napo y Orellana<br \/>Direcci\u00f3n: Augusto Rueda 242 casilla 217. Provincia de Napo.<br \/>Contacto: Charimiat Shigunago<br \/>Tel: 062-886909 \/ 886288<br \/><a href=\"http:\/\/fcunae.nativeweb.org\/\">Web de la FCUNAE<\/a><\/p>\n<p><strong>Para saber m\u00e1s sobre los Kichwas de Orellana te recomendamos<\/strong><\/p>\n<ul>\n<li>Sistema de Informaci\u00f3n de Pueblos y Nacionalidades: Contiene informaci\u00f3n sobre territorio, recursos naturales, poblaci\u00f3n, educaci\u00f3n, salud, comunicaci\u00f3n, y otros, relacionados a los Kichwa de la Amazon\u00eda.<\/li>\n<li>CODENPE: Consejo de Desarrollo de las Nacionalidades y Pueblos del Ecuador, Nacionalidad Kichwa de la Amazon\u00eda.<\/li>\n<\/ul>\n<p>[\/et_pb_text][et_pb_image _builder_version=\u00bb3.22.5&#8243; src=\u00bbhttps:\/\/territorioindigenaygobernanza.com\/web\/wp-content\/uploads\/2019\/04\/footer.jpg\u00bb z_index_tablet=\u00bb500&#8243; \/][\/et_pb_column][\/et_pb_row][\/et_pb_section]<\/p>\n","protected":false},"excerpt":{"rendered":"<p><div class=\"et_pb_row et_pb_row_0 et_pb_row_empty\">\n\t\t\t\t\n\t\t\t\t\n\t\t\t\t\n\t\t\t<\/div> Un total de 18.339 personas Kichwas habitan en la provincia de Orellana. La situaci\u00f3n de sus territorios es la siguiente: Territorio Kichwa en la Provincia de Orellana (hect\u00e1reas) Ubicaci\u00f3n y Centro AdministrativoEn Orellana, los territorios Kichwas se ubican en los cantones:\u2022 Orellana: parroquias Puerto San Francisco de Orellana, Dayuma, Taracoa, El Ed\u00e9n, Garc\u00eda Moreno, [&hellip;]<\/p>\n","protected":false},"author":2,"featured_media":0,"comment_status":"closed","ping_status":"open","sticky":false,"template":"","format":"standard","meta":{"_et_pb_use_builder":"on","_et_pb_old_content":"","_et_gb_content_width":"","footnotes":""},"categories":[39],"tags":[],"_links":{"self":[{"href":"https:\/\/www.territorioindigenaygobernanza.com\/web\/wp-json\/wp\/v2\/posts\/2107"}],"collection":[{"href":"https:\/\/www.territorioindigenaygobernanza.com\/web\/wp-json\/wp\/v2\/posts"}],"about":[{"href":"https:\/\/www.territorioindigenaygobernanza.com\/web\/wp-json\/wp\/v2\/types\/post"}],"author":[{"embeddable":true,"href":"https:\/\/www.territorioindigenaygobernanza.com\/web\/wp-json\/wp\/v2\/users\/2"}],"replies":[{"embeddable":true,"href":"https:\/\/www.territorioindigenaygobernanza.com\/web\/wp-json\/wp\/v2\/comments?post=2107"}],"version-history":[{"count":1,"href":"https:\/\/www.territorioindigenaygobernanza.com\/web\/wp-json\/wp\/v2\/posts\/2107\/revisions"}],"predecessor-version":[{"id":3710,"href":"https:\/\/www.territorioindigenaygobernanza.com\/web\/wp-json\/wp\/v2\/posts\/2107\/revisions\/3710"}],"wp:attachment":[{"href":"https:\/\/www.territorioindigenaygobernanza.com\/web\/wp-json\/wp\/v2\/media?parent=2107"}],"wp:term":[{"taxonomy":"category","embeddable":true,"href":"https:\/\/www.territorioindigenaygobernanza.com\/web\/wp-json\/wp\/v2\/categories?post=2107"},{"taxonomy":"post_tag","embeddable":true,"href":"https:\/\/www.territorioindigenaygobernanza.com\/web\/wp-json\/wp\/v2\/tags?post=2107"}],"curies":[{"name":"wp","href":"https:\/\/api.w.org\/{rel}","templated":true}]}}