{"id":833,"date":"2019-05-03T18:27:56","date_gmt":"2019-05-03T21:27:56","guid":{"rendered":"https:\/\/territorioindigenaygobernanza.com\/web\/?p=833"},"modified":"2021-12-13T14:56:34","modified_gmt":"2021-12-13T17:56:34","slug":"redd-y-pueblos-indigenas","status":"publish","type":"post","link":"https:\/\/www.territorioindigenaygobernanza.com\/web\/redd-y-pueblos-indigenas\/","title":{"rendered":"REDD+ y Pueblos Ind\u00edgenas"},"content":{"rendered":"<p>[et_pb_section bb_built=\u00bb1&#8243; inner_width=\u00bbauto\u00bb inner_max_width=\u00bbnone\u00bb][et_pb_row][et_pb_column type=\u00bb4_4&#8243;][et_pb_text _builder_version=\u00bb3.22.5&#8243; text_text_shadow_horizontal_length=\u00bbtext_text_shadow_style,%91object Object%93&#8243; text_text_shadow_vertical_length=\u00bbtext_text_shadow_style,%91object Object%93&#8243; text_text_shadow_blur_strength=\u00bbtext_text_shadow_style,%91object Object%93&#8243; link_text_shadow_horizontal_length=\u00bblink_text_shadow_style,%91object Object%93&#8243; link_text_shadow_vertical_length=\u00bblink_text_shadow_style,%91object Object%93&#8243; link_text_shadow_blur_strength=\u00bblink_text_shadow_style,%91object Object%93&#8243; ul_text_shadow_horizontal_length=\u00bbul_text_shadow_style,%91object Object%93&#8243; ul_text_shadow_vertical_length=\u00bbul_text_shadow_style,%91object Object%93&#8243; ul_text_shadow_blur_strength=\u00bbul_text_shadow_style,%91object Object%93&#8243; ol_text_shadow_horizontal_length=\u00bbol_text_shadow_style,%91object Object%93&#8243; ol_text_shadow_vertical_length=\u00bbol_text_shadow_style,%91object Object%93&#8243; ol_text_shadow_blur_strength=\u00bbol_text_shadow_style,%91object Object%93&#8243; quote_text_shadow_horizontal_length=\u00bbquote_text_shadow_style,%91object Object%93&#8243; quote_text_shadow_vertical_length=\u00bbquote_text_shadow_style,%91object Object%93&#8243; quote_text_shadow_blur_strength=\u00bbquote_text_shadow_style,%91object Object%93&#8243; header_text_shadow_horizontal_length=\u00bbheader_text_shadow_style,%91object Object%93&#8243; header_text_shadow_vertical_length=\u00bbheader_text_shadow_style,%91object Object%93&#8243; header_text_shadow_blur_strength=\u00bbheader_text_shadow_style,%91object Object%93&#8243; header_2_text_shadow_horizontal_length=\u00bbheader_2_text_shadow_style,%91object Object%93&#8243; header_2_text_shadow_vertical_length=\u00bbheader_2_text_shadow_style,%91object Object%93&#8243; header_2_text_shadow_blur_strength=\u00bbheader_2_text_shadow_style,%91object Object%93&#8243; header_3_text_shadow_horizontal_length=\u00bbheader_3_text_shadow_style,%91object Object%93&#8243; header_3_text_shadow_vertical_length=\u00bbheader_3_text_shadow_style,%91object Object%93&#8243; header_3_text_shadow_blur_strength=\u00bbheader_3_text_shadow_style,%91object Object%93&#8243; header_4_text_shadow_horizontal_length=\u00bbheader_4_text_shadow_style,%91object Object%93&#8243; header_4_text_shadow_vertical_length=\u00bbheader_4_text_shadow_style,%91object Object%93&#8243; header_4_text_shadow_blur_strength=\u00bbheader_4_text_shadow_style,%91object Object%93&#8243; header_5_text_shadow_horizontal_length=\u00bbheader_5_text_shadow_style,%91object Object%93&#8243; header_5_text_shadow_vertical_length=\u00bbheader_5_text_shadow_style,%91object Object%93&#8243; header_5_text_shadow_blur_strength=\u00bbheader_5_text_shadow_style,%91object Object%93&#8243; header_6_text_shadow_horizontal_length=\u00bbheader_6_text_shadow_style,%91object Object%93&#8243; header_6_text_shadow_vertical_length=\u00bbheader_6_text_shadow_style,%91object Object%93&#8243; header_6_text_shadow_blur_strength=\u00bbheader_6_text_shadow_style,%91object Object%93&#8243; z_index_tablet=\u00bb500&#8243;]<\/p>\n<p>Uno de los mecanismos creados para la mitigaci\u00f3n del Cambio Clim\u00e1tico, es la de Reducci\u00f3n de emisiones por la deforestaci\u00f3n y degradaci\u00f3n de bosques, conocida por sus siglas como REDD+.<\/p>\n<p><strong>\u00bfQu\u00e9 es REDD+?<\/strong><br \/>Es un incentivo econ\u00f3mico que los pa\u00edses industrializados estar\u00edan dispuestos a dar a los pa\u00edses del Sur a cambio de que estos preserven sus bosques, disminuyendo las actuales tasas de deforestaci\u00f3n. La idea es que una empresa contaminadora de la atm\u00f3sfera en un pa\u00eds industrializado podr\u00e1 \u201ccompensar\u201d por las emisiones de CO2 (que contribuyen al calentamiento global), pagando a una empresa, parque nacional o comunidad ind\u00edgena o campesina para que cuide del bosque. Esta \u00faltima debe para ello demostrar que mediante una reducci\u00f3n de la deforestaci\u00f3n, logra que el carbono capturado en sus bosques no sea \u2018liberado\u2019 a la atm\u00f3sfera, y por el contrario la regeneraci\u00f3n del bosque logre capturar el carbono que producen las empresas en los pa\u00edses ricos.REDD+ transforma entonces la capacidad de almacenamiento de carbono de los bosques en bienes comerciales, lo que permitir\u00eda, a quienes contaminan, comprarlos para cumplir con sus obligaciones de reducir sus emisiones de gases de efecto invernadero (para saber m\u00e1s lee nuestro art\u00edculo sobre Cambio Clim\u00e1tico). De esa forma se genera un mercado de carbono forestal, en el que se podr\u00e1n comprar \u201cCr\u00e9ditos de carbono almacenado en los bosques del Sur\u201d. Es decir que el pa\u00eds o empresa que los compra, podr\u00eda luego venderlos.<\/p>\n<p><strong>\u00bfC\u00f3mo afectar\u00eda REDD+ a los Pueblos Ind\u00edgenas?<\/strong><br \/>Los pueblos ind\u00edgenas temen que al utilizar sus bosques para el comercio de carbono, se limite su derecho a utilizar el bosque para aprovechar sus recursos naturales, y para sus prop\u00f3sitos culturales y ceremoniales. Pero tambi\u00e9n algunos comienzan a ver una oportunidad para financiar su autonom\u00eda conservando sus bosques. Veamos argumentos a favor y en contra de REDD+:<\/p>\n<p><strong>Argumentos a Favor de REDD+<\/strong><br \/>Actualmente los bosques son destruidos porque tienen mayor valor comercial muertos que vivos. REDD+ podr\u00eda proporcionar dinero para revertir esa situaci\u00f3n. Si REDD+ se implementa reconociendo y respetando los Derechos Colectivos de los Pueblos Ind\u00edgenas, las oportunidades podr\u00edan ser:<\/p>\n<p>[\/et_pb_text][\/et_pb_column][\/et_pb_row][et_pb_row][et_pb_column type=\u00bb1_3&#8243;][et_pb_image _builder_version=\u00bb3.22.5&#8243; src=\u00bbhttp:\/\/www.territorioindigenaygobernanza.com\/images\/stories\/CambioClimatico\/deforestando.jpg\u00bb z_index_tablet=\u00bb500&#8243; \/][\/et_pb_column][et_pb_column type=\u00bb2_3&#8243;][et_pb_text _builder_version=\u00bb3.22.5&#8243; text_text_shadow_horizontal_length=\u00bbtext_text_shadow_style,%91object Object%93&#8243; text_text_shadow_vertical_length=\u00bbtext_text_shadow_style,%91object Object%93&#8243; text_text_shadow_blur_strength=\u00bbtext_text_shadow_style,%91object Object%93&#8243; link_text_shadow_horizontal_length=\u00bblink_text_shadow_style,%91object Object%93&#8243; link_text_shadow_vertical_length=\u00bblink_text_shadow_style,%91object Object%93&#8243; link_text_shadow_blur_strength=\u00bblink_text_shadow_style,%91object Object%93&#8243; ul_text_shadow_horizontal_length=\u00bbul_text_shadow_style,%91object Object%93&#8243; ul_text_shadow_vertical_length=\u00bbul_text_shadow_style,%91object Object%93&#8243; ul_text_shadow_blur_strength=\u00bbul_text_shadow_style,%91object Object%93&#8243; ol_text_shadow_horizontal_length=\u00bbol_text_shadow_style,%91object Object%93&#8243; ol_text_shadow_vertical_length=\u00bbol_text_shadow_style,%91object Object%93&#8243; ol_text_shadow_blur_strength=\u00bbol_text_shadow_style,%91object Object%93&#8243; quote_text_shadow_horizontal_length=\u00bbquote_text_shadow_style,%91object Object%93&#8243; quote_text_shadow_vertical_length=\u00bbquote_text_shadow_style,%91object Object%93&#8243; quote_text_shadow_blur_strength=\u00bbquote_text_shadow_style,%91object Object%93&#8243; header_text_shadow_horizontal_length=\u00bbheader_text_shadow_style,%91object Object%93&#8243; header_text_shadow_vertical_length=\u00bbheader_text_shadow_style,%91object Object%93&#8243; header_text_shadow_blur_strength=\u00bbheader_text_shadow_style,%91object Object%93&#8243; header_2_text_shadow_horizontal_length=\u00bbheader_2_text_shadow_style,%91object Object%93&#8243; header_2_text_shadow_vertical_length=\u00bbheader_2_text_shadow_style,%91object Object%93&#8243; header_2_text_shadow_blur_strength=\u00bbheader_2_text_shadow_style,%91object Object%93&#8243; header_3_text_shadow_horizontal_length=\u00bbheader_3_text_shadow_style,%91object Object%93&#8243; header_3_text_shadow_vertical_length=\u00bbheader_3_text_shadow_style,%91object Object%93&#8243; header_3_text_shadow_blur_strength=\u00bbheader_3_text_shadow_style,%91object Object%93&#8243; header_4_text_shadow_horizontal_length=\u00bbheader_4_text_shadow_style,%91object Object%93&#8243; header_4_text_shadow_vertical_length=\u00bbheader_4_text_shadow_style,%91object Object%93&#8243; header_4_text_shadow_blur_strength=\u00bbheader_4_text_shadow_style,%91object Object%93&#8243; header_5_text_shadow_horizontal_length=\u00bbheader_5_text_shadow_style,%91object Object%93&#8243; header_5_text_shadow_vertical_length=\u00bbheader_5_text_shadow_style,%91object Object%93&#8243; header_5_text_shadow_blur_strength=\u00bbheader_5_text_shadow_style,%91object Object%93&#8243; header_6_text_shadow_horizontal_length=\u00bbheader_6_text_shadow_style,%91object Object%93&#8243; header_6_text_shadow_vertical_length=\u00bbheader_6_text_shadow_style,%91object Object%93&#8243; header_6_text_shadow_blur_strength=\u00bbheader_6_text_shadow_style,%91object Object%93&#8243; z_index_tablet=\u00bb500&#8243;]<\/p>\n<ul>\n<li>Disminuci\u00f3n de la deforestaci\u00f3n, y protecci\u00f3n de los territorios ind\u00edgenas, que a su vez fortalece las formas de vida ind\u00edgena y sus valores culturales.<\/li>\n<li>Creaci\u00f3n de una oportunidad para cambiar las legislaciones nacionales sobre tierras y recursos naturales, al otorgarse mayor importancia a los bosques.<\/li>\n<li>Obtenci\u00f3n de un pago directo por el mantenimiento de los bosques, que podr\u00eda ser utilizado para financiar la autonom\u00eda, para desarrollar actividades econ\u00f3micas como el ecoturismo o para mejorar las condiciones de vida de las comunidades.<\/li>\n<\/ul>\n<p>[\/et_pb_text][\/et_pb_column][\/et_pb_row][et_pb_row][et_pb_column type=\u00bb4_4&#8243;][et_pb_text _builder_version=\u00bb3.22.5&#8243; text_text_shadow_horizontal_length=\u00bbtext_text_shadow_style,%91object Object%93&#8243; text_text_shadow_vertical_length=\u00bbtext_text_shadow_style,%91object Object%93&#8243; text_text_shadow_blur_strength=\u00bbtext_text_shadow_style,%91object Object%93&#8243; link_text_shadow_horizontal_length=\u00bblink_text_shadow_style,%91object Object%93&#8243; link_text_shadow_vertical_length=\u00bblink_text_shadow_style,%91object Object%93&#8243; link_text_shadow_blur_strength=\u00bblink_text_shadow_style,%91object Object%93&#8243; ul_text_shadow_horizontal_length=\u00bbul_text_shadow_style,%91object Object%93&#8243; ul_text_shadow_vertical_length=\u00bbul_text_shadow_style,%91object Object%93&#8243; ul_text_shadow_blur_strength=\u00bbul_text_shadow_style,%91object Object%93&#8243; ol_text_shadow_horizontal_length=\u00bbol_text_shadow_style,%91object Object%93&#8243; ol_text_shadow_vertical_length=\u00bbol_text_shadow_style,%91object Object%93&#8243; ol_text_shadow_blur_strength=\u00bbol_text_shadow_style,%91object Object%93&#8243; quote_text_shadow_horizontal_length=\u00bbquote_text_shadow_style,%91object Object%93&#8243; quote_text_shadow_vertical_length=\u00bbquote_text_shadow_style,%91object Object%93&#8243; quote_text_shadow_blur_strength=\u00bbquote_text_shadow_style,%91object Object%93&#8243; header_text_shadow_horizontal_length=\u00bbheader_text_shadow_style,%91object Object%93&#8243; header_text_shadow_vertical_length=\u00bbheader_text_shadow_style,%91object Object%93&#8243; header_text_shadow_blur_strength=\u00bbheader_text_shadow_style,%91object Object%93&#8243; header_2_text_shadow_horizontal_length=\u00bbheader_2_text_shadow_style,%91object Object%93&#8243; header_2_text_shadow_vertical_length=\u00bbheader_2_text_shadow_style,%91object Object%93&#8243; header_2_text_shadow_blur_strength=\u00bbheader_2_text_shadow_style,%91object Object%93&#8243; header_3_text_shadow_horizontal_length=\u00bbheader_3_text_shadow_style,%91object Object%93&#8243; header_3_text_shadow_vertical_length=\u00bbheader_3_text_shadow_style,%91object Object%93&#8243; header_3_text_shadow_blur_strength=\u00bbheader_3_text_shadow_style,%91object Object%93&#8243; header_4_text_shadow_horizontal_length=\u00bbheader_4_text_shadow_style,%91object Object%93&#8243; header_4_text_shadow_vertical_length=\u00bbheader_4_text_shadow_style,%91object Object%93&#8243; header_4_text_shadow_blur_strength=\u00bbheader_4_text_shadow_style,%91object Object%93&#8243; header_5_text_shadow_horizontal_length=\u00bbheader_5_text_shadow_style,%91object Object%93&#8243; header_5_text_shadow_vertical_length=\u00bbheader_5_text_shadow_style,%91object Object%93&#8243; header_5_text_shadow_blur_strength=\u00bbheader_5_text_shadow_style,%91object Object%93&#8243; header_6_text_shadow_horizontal_length=\u00bbheader_6_text_shadow_style,%91object Object%93&#8243; header_6_text_shadow_vertical_length=\u00bbheader_6_text_shadow_style,%91object Object%93&#8243; header_6_text_shadow_blur_strength=\u00bbheader_6_text_shadow_style,%91object Object%93&#8243; z_index_tablet=\u00bb500&#8243;]<\/p>\n<p><strong>Argumentos en contra de REDD+<\/strong><br \/>La propuesta del Mercado de Carbono no aborda las verdaderas causas de la contaminaci\u00f3n y el cambio clim\u00e1tico. A trav\u00e9s de REDD+, las empresas y pa\u00edses contaminadores del Norte tendr\u00edan la posibilidad de comprar su escapatoria para seguir contaminando, en lugar de hacer los cambios necesarios en sus industrias y formas de vida, que reduzcan la contaminaci\u00f3n.<br \/>REDD+ tampoco aborda las verdaderas causas de la deforestaci\u00f3n: la demanda de madera, soya y ganado, y las pol\u00edticas econ\u00f3micas que incentivan esta demanda.<br \/>Definir los bosques como un bien comercial no es compatible con la visi\u00f3n que los ind\u00edgenas tienen de los bosques , para quienes son sus territorios y fuente de vida econ\u00f3mica, cultural y espiritual.<\/p>\n<p>[\/et_pb_text][et_pb_image _builder_version=\u00bb3.22.5&#8243; src=\u00bbhttp:\/\/www.territorioindigenaygobernanza.com\/images\/stories\/CambioClimatico\/aidesep_caricatura_biocombustibles.jpg\u00bb z_index_tablet=\u00bb500&#8243; align=\u00bbcenter\u00bb \/][et_pb_text _builder_version=\u00bb3.22.5&#8243; text_text_shadow_horizontal_length=\u00bbtext_text_shadow_style,%91object Object%93&#8243; text_text_shadow_vertical_length=\u00bbtext_text_shadow_style,%91object Object%93&#8243; text_text_shadow_blur_strength=\u00bbtext_text_shadow_style,%91object Object%93&#8243; link_text_shadow_horizontal_length=\u00bblink_text_shadow_style,%91object Object%93&#8243; link_text_shadow_vertical_length=\u00bblink_text_shadow_style,%91object Object%93&#8243; link_text_shadow_blur_strength=\u00bblink_text_shadow_style,%91object Object%93&#8243; ul_text_shadow_horizontal_length=\u00bbul_text_shadow_style,%91object Object%93&#8243; ul_text_shadow_vertical_length=\u00bbul_text_shadow_style,%91object Object%93&#8243; ul_text_shadow_blur_strength=\u00bbul_text_shadow_style,%91object Object%93&#8243; ol_text_shadow_horizontal_length=\u00bbol_text_shadow_style,%91object Object%93&#8243; ol_text_shadow_vertical_length=\u00bbol_text_shadow_style,%91object Object%93&#8243; ol_text_shadow_blur_strength=\u00bbol_text_shadow_style,%91object Object%93&#8243; quote_text_shadow_horizontal_length=\u00bbquote_text_shadow_style,%91object Object%93&#8243; quote_text_shadow_vertical_length=\u00bbquote_text_shadow_style,%91object Object%93&#8243; quote_text_shadow_blur_strength=\u00bbquote_text_shadow_style,%91object Object%93&#8243; header_text_shadow_horizontal_length=\u00bbheader_text_shadow_style,%91object Object%93&#8243; header_text_shadow_vertical_length=\u00bbheader_text_shadow_style,%91object Object%93&#8243; header_text_shadow_blur_strength=\u00bbheader_text_shadow_style,%91object Object%93&#8243; header_2_text_shadow_horizontal_length=\u00bbheader_2_text_shadow_style,%91object Object%93&#8243; header_2_text_shadow_vertical_length=\u00bbheader_2_text_shadow_style,%91object Object%93&#8243; header_2_text_shadow_blur_strength=\u00bbheader_2_text_shadow_style,%91object Object%93&#8243; header_3_text_shadow_horizontal_length=\u00bbheader_3_text_shadow_style,%91object Object%93&#8243; header_3_text_shadow_vertical_length=\u00bbheader_3_text_shadow_style,%91object Object%93&#8243; header_3_text_shadow_blur_strength=\u00bbheader_3_text_shadow_style,%91object Object%93&#8243; header_4_text_shadow_horizontal_length=\u00bbheader_4_text_shadow_style,%91object Object%93&#8243; header_4_text_shadow_vertical_length=\u00bbheader_4_text_shadow_style,%91object Object%93&#8243; header_4_text_shadow_blur_strength=\u00bbheader_4_text_shadow_style,%91object Object%93&#8243; header_5_text_shadow_horizontal_length=\u00bbheader_5_text_shadow_style,%91object Object%93&#8243; header_5_text_shadow_vertical_length=\u00bbheader_5_text_shadow_style,%91object Object%93&#8243; header_5_text_shadow_blur_strength=\u00bbheader_5_text_shadow_style,%91object Object%93&#8243; header_6_text_shadow_horizontal_length=\u00bbheader_6_text_shadow_style,%91object Object%93&#8243; header_6_text_shadow_vertical_length=\u00bbheader_6_text_shadow_style,%91object Object%93&#8243; header_6_text_shadow_blur_strength=\u00bbheader_6_text_shadow_style,%91object Object%93&#8243; z_index_tablet=\u00bb500&#8243;]<\/p>\n<p style=\"text-align: center;\">Fuente: AIDESEP (2011). Construyendo REDD+ Ind\u00edgena.<\/p>\n<p style=\"text-align: left;\">Pero adem\u00e1s, la inclusi\u00f3n de los bosques en el Mercado de Carbono, podr\u00eda llevar a un incremento de los precios de la soya, el ganado o la madera, por encima del valor de los cr\u00e9ditos de carbono. Esto, otra vez significar\u00eda que los bosques \u201cvalgan m\u00e1s \u2018muertos\u2019 que \u2018vivos\u2019\u201d.<br \/>La mayor\u00eda de los Pueblos Ind\u00edgenas argumentan que REDD+ menoscaba sus derechos a la tierra, territorios y recursos naturales; a la libre determinaci\u00f3n y a la Consulta y al Consentimiento Libre, Previo e Informado. Para saber m\u00e1s sobre estos derechos, visita nuestra Secci\u00f3n Marco Legal.<\/p>\n<p style=\"text-align: left;\"><strong>Los riesgos de REDD+ para los Pueblos Ind\u00edgenas podr\u00edan ser:<\/strong><br \/>Ser exclu\u00eddos en la toma de decisiones en un modelo de gesti\u00f3n de los bosques \u201cdesde arriba hacia abajo\u201d, en el que los ind\u00edgenas tendr\u00edan escasa participaci\u00f3n.<br \/>Incremento del control del Estado y de los \u201cexpertos\u201d sobre el manejo del bosque.<br \/>Especulaci\u00f3n y conflictos por la tierra, ya que los gobiernos, ONGs y empresas podr\u00edan competir por el dinero obtenido de los \u201ccr\u00e9ditos de carbono\u201d. Esto podr\u00eda estimular la usurpaci\u00f3n de tierras y el desplazamiento de pueblos ind\u00edgenas de sus territorios ancestrales.<br \/>Restricci\u00f3n en el acceso de las Comunidades Ind\u00edgenas a los bosques, por ejemplo a trav\u00e9s de la militarizaci\u00f3n de los bosques en nombre de su protecci\u00f3n , o de la criminalizaci\u00f3n de las pr\u00e1cticas tradicionales de los ind\u00edgenas en sus bosques.<\/p>\n<p style=\"text-align: left;\"><strong>Los Pueblos Ind\u00edgenas saben que la mejor manera de mitigar el cambio clim\u00e1tico es cambiar el modelo de producci\u00f3n y los patrones de consumo que predominan en los pa\u00edses del Norte. Esto involucra cambios en sus estilos de vida, individual y colectivo, dirigidos hacia formas de vida sostenibles, sobre los cuales los Pueblos Ind\u00edgenas tienen mucho que ense\u00f1ar.<\/strong><\/p>\n<p>[\/et_pb_text][et_pb_testimonial _builder_version=\u00bb3.22.5&#8243; quote_icon_background_color=\u00bb#f5f5f5&#8243; text_shadow_horizontal_length=\u00bbtext_shadow_style,%91object Object%93&#8243; text_shadow_vertical_length=\u00bbtext_shadow_style,%91object Object%93&#8243; text_shadow_blur_strength=\u00bbtext_shadow_style,%91object Object%93&#8243; z_index_tablet=\u00bb500&#8243;]<\/p>\n<p style=\"text-align: center;\"><strong>Bibliograf\u00eda Consultada<\/strong><\/p>\n<ul>\n<li>Kylie Benton-Connell (2011). <a href=\"http:\/\/democracyctr.org\/dc_old\/wp-content\/uploads\/2011\/08\/red-fuera-mercado-resumen.pdf\"><em><strong>Fuera del Mercado. Los bosques bolivianos y las luchas sobre el cambio climatico.<\/strong><\/em><\/a> Informe del Centro para la Democracia. Cochabamba, Bolivia. Puedes hacer click en los t\u00edtulos para leer o descargar estos libros!.<\/li>\n<li>AIDESEP (2011). <a href=\"http:\/\/www.forestpeoples.org\/sites\/fpp\/files\/publication\/2011\/03\/aidesepreddindigenasp.pdf\"><em><strong>Construyendo REDD+ Ind\u00edgena. Adecuaci\u00f3n Intercultural del REDD+ a los Derechos Territorioales y Colectivos de los Pueblos Ind\u00edgenas.<\/strong><\/em><\/a><\/li>\n<li>Dennis Mairena Ara\u00faz, Eilee Mairena C, Myrna Cunningham Kain (2009). <a href=\"https:\/\/es.scribd.com\/document\/34269564\/Guia-Cambio-Climatico-y-Pueblos-Indigenas\"><em><strong>Gu\u00eda sobre Cambio Clim\u00e1tico y Pueblos Ind\u00edgenas: Un cuaderno de referencia.<\/strong><\/em> <\/a>Managua: NITLAPAN-UCA, 2010.<\/li>\n<\/ul>\n<p style=\"text-align: center;\"><strong>Puedes hacer click en los t\u00edtulos para leer o descargar estos libros!.<\/strong><\/p>\n<p>[\/et_pb_testimonial][\/et_pb_column][\/et_pb_row][et_pb_row][et_pb_column type=\u00bb4_4&#8243;][et_pb_image _builder_version=\u00bb3.22.5&#8243; src=\u00bbhttps:\/\/territorioindigenaygobernanza.com\/web\/wp-content\/uploads\/2019\/04\/footer.jpg\u00bb z_index_tablet=\u00bb500&#8243; \/][\/et_pb_column][\/et_pb_row][\/et_pb_section]<\/p>\n","protected":false},"excerpt":{"rendered":"<p><div class=\"et_pb_row et_pb_row_0 et_pb_row_empty\">\n\t\t\t\t\n\t\t\t\t\n\t\t\t\t\n\t\t\t<\/div> Uno de los mecanismos creados para la mitigaci\u00f3n del Cambio Clim\u00e1tico, es la de Reducci\u00f3n de emisiones por la deforestaci\u00f3n y degradaci\u00f3n de bosques, conocida por sus siglas como REDD+. \u00bfQu\u00e9 es REDD+?Es un incentivo econ\u00f3mico que los pa\u00edses industrializados estar\u00edan dispuestos a dar a los pa\u00edses del Sur a cambio de que estos [&hellip;]<\/p>\n","protected":false},"author":2,"featured_media":0,"comment_status":"closed","ping_status":"open","sticky":false,"template":"","format":"standard","meta":{"_et_pb_use_builder":"on","_et_pb_old_content":"","_et_gb_content_width":"","footnotes":""},"categories":[59],"tags":[],"_links":{"self":[{"href":"https:\/\/www.territorioindigenaygobernanza.com\/web\/wp-json\/wp\/v2\/posts\/833"}],"collection":[{"href":"https:\/\/www.territorioindigenaygobernanza.com\/web\/wp-json\/wp\/v2\/posts"}],"about":[{"href":"https:\/\/www.territorioindigenaygobernanza.com\/web\/wp-json\/wp\/v2\/types\/post"}],"author":[{"embeddable":true,"href":"https:\/\/www.territorioindigenaygobernanza.com\/web\/wp-json\/wp\/v2\/users\/2"}],"replies":[{"embeddable":true,"href":"https:\/\/www.territorioindigenaygobernanza.com\/web\/wp-json\/wp\/v2\/comments?post=833"}],"version-history":[{"count":1,"href":"https:\/\/www.territorioindigenaygobernanza.com\/web\/wp-json\/wp\/v2\/posts\/833\/revisions"}],"predecessor-version":[{"id":3810,"href":"https:\/\/www.territorioindigenaygobernanza.com\/web\/wp-json\/wp\/v2\/posts\/833\/revisions\/3810"}],"wp:attachment":[{"href":"https:\/\/www.territorioindigenaygobernanza.com\/web\/wp-json\/wp\/v2\/media?parent=833"}],"wp:term":[{"taxonomy":"category","embeddable":true,"href":"https:\/\/www.territorioindigenaygobernanza.com\/web\/wp-json\/wp\/v2\/categories?post=833"},{"taxonomy":"post_tag","embeddable":true,"href":"https:\/\/www.territorioindigenaygobernanza.com\/web\/wp-json\/wp\/v2\/tags?post=833"}],"curies":[{"name":"wp","href":"https:\/\/api.w.org\/{rel}","templated":true}]}}